{"id":26358,"date":"2026-04-25T16:02:30","date_gmt":"2026-04-25T16:02:30","guid":{"rendered":"https:\/\/lodzierz.pl\/?p=26358"},"modified":"2026-04-25T16:05:39","modified_gmt":"2026-04-25T16:05:39","slug":"uroczyste-pozegnanie-maturzystow","status":"publish","type":"post","link":"https:\/\/lodzierz.pl\/?p=26358","title":{"rendered":"Uroczyste po\u017cegnanie maturzyst\u00f3w"},"content":{"rendered":"\n<div class=\"wp-block-media-text is-stacked-on-mobile\"><figure class=\"wp-block-media-text__media\"><img loading=\"lazy\" decoding=\"async\" width=\"800\" height=\"600\" src=\"https:\/\/lodzierz.pl\/wp-content\/uploads\/2026\/04\/20260424_130730-1.jpg\" alt=\"\" class=\"wp-image-26364 size-full\" srcset=\"https:\/\/lodzierz.pl\/wp-content\/uploads\/2026\/04\/20260424_130730-1.jpg 800w, https:\/\/lodzierz.pl\/wp-content\/uploads\/2026\/04\/20260424_130730-1-300x225.jpg 300w, https:\/\/lodzierz.pl\/wp-content\/uploads\/2026\/04\/20260424_130730-1-768x576.jpg 768w\" sizes=\"auto, (max-width: 800px) 100vw, 800px\" \/><\/figure><div class=\"wp-block-media-text__content\">\n<p style=\"font-size:15px\">Zgodnie z wieloletni\u0105 tradycj\u0105, w ostatni pi\u0105tek kwietnia spo\u0142eczno\u015b\u0107 naszej szko\u0142y uroczy\u015bcie po\u017cegna\u0142a kolejny rocznik maturzyst\u00f3w. By\u0142 to dzie\u0144 pe\u0142en wzrusze\u0144, wspomnie\u0144 i podzi\u0119kowa\u0144 \u2013 wyj\u0105tkowy moment, kt\u00f3ry symbolicznie zamkn\u0105\u0142 wa\u017cny etap w \u017cyciu m\u0142odych ludzi.<\/p>\n<\/div><\/div>\n\n\n\n<div class=\"wp-block-media-text is-stacked-on-mobile\"><figure class=\"wp-block-media-text__media\"><img loading=\"lazy\" decoding=\"async\" width=\"800\" height=\"600\" src=\"https:\/\/lodzierz.pl\/wp-content\/uploads\/2026\/04\/20260424_130641-2.jpg\" alt=\"\" class=\"wp-image-26365 size-full\" srcset=\"https:\/\/lodzierz.pl\/wp-content\/uploads\/2026\/04\/20260424_130641-2.jpg 800w, https:\/\/lodzierz.pl\/wp-content\/uploads\/2026\/04\/20260424_130641-2-300x225.jpg 300w, https:\/\/lodzierz.pl\/wp-content\/uploads\/2026\/04\/20260424_130641-2-768x576.jpg 768w\" sizes=\"auto, (max-width: 800px) 100vw, 800px\" \/><\/figure><div class=\"wp-block-media-text__content\">\n<p style=\"font-size:15px\">Uroczysto\u015b\u0107 rozpocz\u0119\u0142a si\u0119 od przem\u00f3wienia dyrektora szko\u0142y, Mariusza Tredera, kt\u00f3ry pogratulowa\u0142 uczniom wytrwa\u0142o\u015bci oraz osi\u0105gni\u0119\u0107 edukacyjnych. \u017byczy\u0142 im tak\u017ce powodzenia na egzaminie maturalnym oraz sukces\u00f3w w doros\u0142ym \u017cyciu.<\/p>\n<\/div><\/div>\n\n\n\n<div class=\"wp-block-media-text is-stacked-on-mobile\"><figure class=\"wp-block-media-text__media\"><img loading=\"lazy\" decoding=\"async\" width=\"800\" height=\"600\" src=\"https:\/\/lodzierz.pl\/wp-content\/uploads\/2026\/04\/20260424_131819.jpg\" alt=\"\" class=\"wp-image-26366 size-full\" srcset=\"https:\/\/lodzierz.pl\/wp-content\/uploads\/2026\/04\/20260424_131819.jpg 800w, https:\/\/lodzierz.pl\/wp-content\/uploads\/2026\/04\/20260424_131819-300x225.jpg 300w, https:\/\/lodzierz.pl\/wp-content\/uploads\/2026\/04\/20260424_131819-768x576.jpg 768w\" sizes=\"auto, (max-width: 800px) 100vw, 800px\" \/><\/figure><div class=\"wp-block-media-text__content\">\n<p style=\"font-size:15px\">Nast\u0119pnie, wraz z wicedyrektor Magdalen\u0105 Wojtowicz oraz wychowawc\u0105 Grzegorzem Jo\u0144czykiem, wr\u0119czono absolwentom \u015bwiadectwa uko\u0144czenia szko\u0142y. W wydarzeniu uczestniczyli r\u00f3wnie\u017c zaproszeni go\u015bcie, w tym przewodnicz\u0105ca Rady Rodzic\u00f3w El\u017cbieta Koli\u0144ska oraz rodzice maturzyst\u00f3w, kt\u00f3rzy przybyli, by towarzyszy\u0107 swoim dzieciom w tym wa\u017cnym dniu.<\/p>\n<\/div><\/div>\n\n\n\n<div class=\"wp-block-media-text is-stacked-on-mobile\"><figure class=\"wp-block-media-text__media\"><img loading=\"lazy\" decoding=\"async\" width=\"800\" height=\"600\" src=\"https:\/\/lodzierz.pl\/wp-content\/uploads\/2026\/04\/20260424_133814.jpg\" alt=\"\" class=\"wp-image-26367 size-full\" srcset=\"https:\/\/lodzierz.pl\/wp-content\/uploads\/2026\/04\/20260424_133814.jpg 800w, https:\/\/lodzierz.pl\/wp-content\/uploads\/2026\/04\/20260424_133814-300x225.jpg 300w, https:\/\/lodzierz.pl\/wp-content\/uploads\/2026\/04\/20260424_133814-768x576.jpg 768w\" sizes=\"auto, (max-width: 800px) 100vw, 800px\" \/><\/figure><div class=\"wp-block-media-text__content\">\n<p style=\"font-size:15px\">W imieniu tegorocznych absolwent\u00f3w g\u0142os zabra\u0142a Wanessa Kuniszewska. W swoim wyst\u0105pieniu podzi\u0119kowa\u0142a nauczycielom, wychowawcom oraz wszystkim pracownikom szko\u0142y za pi\u0119\u0107 lat nauki, wsparcia i zaanga\u017cowania. Uroczysto\u015b\u0107 zako\u0144czy\u0142a si\u0119 symbolicznym gestem \u2013 uczniowie klasy IV technikum wr\u0119czyli starszym kolegom drobne upominki, \u017cycz\u0105c im powodzenia na maturze oraz wielu sukces\u00f3w w dalszym \u017cyciu. By\u0142 to dzie\u0144, kt\u00f3ry na d\u0142ugo pozostanie w pami\u0119ci wszystkich uczestnik\u00f3w \u2013 pe\u0142en dumy, nadziei i rado\u015bci ze wsp\u00f3lnie osi\u0105gni\u0119tego celu<\/p>\n<\/div><\/div>\n\n\n\n<p><em>ngg_shortcode_0_placeholder<\/em><\/p>\n","protected":false},"excerpt":{"rendered":"<p>Zgodnie z wieloletni\u0105 tradycj\u0105, w ostatni pi\u0105tek kwietnia spo\u0142eczno\u015b\u0107 naszej szko\u0142y uroczy\u015bcie po\u017cegna\u0142a kolejny rocznik maturzyst\u00f3w. By\u0142 to dzie\u0144 pe\u0142en wzrusze\u0144, wspomnie\u0144 i podzi\u0119kowa\u0144 \u2013 wyj\u0105tkowy moment, kt\u00f3ry symbolicznie zamkn\u0105\u0142 wa\u017cny etap w \u017cyciu m\u0142odych ludzi. Uroczysto\u015b\u0107 rozpocz\u0119\u0142a si\u0119 od przem\u00f3wienia dyrektora szko\u0142y, Mariusza Tredera, kt\u00f3ry pogratulowa\u0142 uczniom wytrwa\u0142o\u015bci oraz osi\u0105gni\u0119\u0107 edukacyjnych. \u017byczy\u0142 im tak\u017ce [&hellip;]<\/p>\n","protected":false},"author":1,"featured_media":26371,"comment_status":"closed","ping_status":"closed","sticky":false,"template":"","format":"standard","meta":{"ngg_post_thumbnail":0,"footnotes":""},"categories":[4,1],"tags":[],"class_list":["post-26358","post","type-post","status-publish","format-standard","has-post-thumbnail","hentry","category-aktualnosci","category-uncategorized"],"_links":{"self":[{"href":"https:\/\/lodzierz.pl\/index.php?rest_route=\/wp\/v2\/posts\/26358","targetHints":{"allow":["GET"]}}],"collection":[{"href":"https:\/\/lodzierz.pl\/index.php?rest_route=\/wp\/v2\/posts"}],"about":[{"href":"https:\/\/lodzierz.pl\/index.php?rest_route=\/wp\/v2\/types\/post"}],"author":[{"embeddable":true,"href":"https:\/\/lodzierz.pl\/index.php?rest_route=\/wp\/v2\/users\/1"}],"replies":[{"embeddable":true,"href":"https:\/\/lodzierz.pl\/index.php?rest_route=%2Fwp%2Fv2%2Fcomments&post=26358"}],"version-history":[{"count":5,"href":"https:\/\/lodzierz.pl\/index.php?rest_route=\/wp\/v2\/posts\/26358\/revisions"}],"predecessor-version":[{"id":26370,"href":"https:\/\/lodzierz.pl\/index.php?rest_route=\/wp\/v2\/posts\/26358\/revisions\/26370"}],"wp:featuredmedia":[{"embeddable":true,"href":"https:\/\/lodzierz.pl\/index.php?rest_route=\/wp\/v2\/media\/26371"}],"wp:attachment":[{"href":"https:\/\/lodzierz.pl\/index.php?rest_route=%2Fwp%2Fv2%2Fmedia&parent=26358"}],"wp:term":[{"taxonomy":"category","embeddable":true,"href":"https:\/\/lodzierz.pl\/index.php?rest_route=%2Fwp%2Fv2%2Fcategories&post=26358"},{"taxonomy":"post_tag","embeddable":true,"href":"https:\/\/lodzierz.pl\/index.php?rest_route=%2Fwp%2Fv2%2Ftags&post=26358"}],"curies":[{"name":"wp","href":"https:\/\/api.w.org\/{rel}","templated":true}]}}