{"id":26188,"date":"2026-04-21T08:32:50","date_gmt":"2026-04-21T08:32:50","guid":{"rendered":"https:\/\/lodzierz.pl\/?p=26188"},"modified":"2026-04-21T08:32:58","modified_gmt":"2026-04-21T08:32:58","slug":"wybory-uzupelniajace-do-mrm","status":"publish","type":"post","link":"https:\/\/lodzierz.pl\/?p=26188","title":{"rendered":"Wybory uzupe\u0142niaj\u0105ce do MRM"},"content":{"rendered":"\n<div class=\"wp-block-media-text is-stacked-on-mobile\"><figure class=\"wp-block-media-text__media\"><img loading=\"lazy\" decoding=\"async\" width=\"960\" height=\"897\" src=\"https:\/\/lodzierz.pl\/wp-content\/uploads\/2026\/04\/WYBORY.jpg\" alt=\"\" class=\"wp-image-26194 size-full\" srcset=\"https:\/\/lodzierz.pl\/wp-content\/uploads\/2026\/04\/WYBORY.jpg 960w, https:\/\/lodzierz.pl\/wp-content\/uploads\/2026\/04\/WYBORY-300x280.jpg 300w, https:\/\/lodzierz.pl\/wp-content\/uploads\/2026\/04\/WYBORY-768x718.jpg 768w\" sizes=\"auto, (max-width: 960px) 100vw, 960px\" \/><\/figure><div class=\"wp-block-media-text__content\">\n<p>Chcesz mie\u0107 wp\u0142yw na to, co dzieje si\u0119 w naszej gminie? To Twoja szansa!<\/p>\n\n\n\n<p style=\"font-size:15px\">Burmistrz Miastka zarz\u0105dzi\u0142 <strong>wybory uzupe\u0142niaj\u0105ce do M\u0142odzie\u017cowej Rady Miejskiej w Miastku<\/strong> w okr\u0119gu wyborczym nr 11 (Zesp\u00f3\u0142 Szk\u00f3\u0142 Ponadpodstawowych w \u0141odzierzy).<\/p>\n<\/div><\/div>\n\n\n\n<hr class=\"wp-block-separator has-alpha-channel-opacity\"\/>\n\n\n\n<p><strong>\ud83d\uddf3<\/strong><strong> Kiedy g\u0142osowanie?<\/strong><\/p>\n\n\n\n<p><strong>9 czerwca 2026 r. (godz. 8:00\u201313:00)<\/strong><\/p>\n\n\n\n<hr class=\"wp-block-separator has-alpha-channel-opacity\"\/>\n\n\n\n<p><strong>\u270d<\/strong><strong> Jak zg\u0142osi\u0107 kandydatur\u0119?<\/strong><\/p>\n\n\n\n<p>Zg\u0142oszenia kandydat\u00f3w przyjmowane s\u0105 <strong>do 15 maja 2026 r. do godz. 15:00.<\/strong><\/p>\n\n\n\n<p>Mo\u017cesz zg\u0142osi\u0107 si\u0119:<\/p>\n\n\n\n<p>\ud83d\udce7 e-mailowo na adres: <a href=\"mailto:sekretariat@um.miastko.pl\"><strong>sekretariat@um.miastko.pl<\/strong><\/a><\/p>\n\n\n\n<p>(plik nale\u017cy zaszyfrowa\u0107, a has\u0142o przekaza\u0107 telefonicznie: 59 857 07 76);<\/p>\n\n\n\n<p>\ud83d\udccd osobi\u015bcie: Urz\u0105d Miejski w Miastku, ul. Grunwaldzka 1, pok. 49<\/p>\n\n\n\n<p>(pon.\u2013pt. w godz. 8:00\u201315:00).<\/p>\n\n\n\n<hr class=\"wp-block-separator has-alpha-channel-opacity\"\/>\n\n\n\n<p><strong>\ud83d\udc64<\/strong><strong> Kto mo\u017ce kandydowa\u0107?<\/strong><\/p>\n\n\n\n<p>Mo\u017cesz kandydowa\u0107, je\u015bli jeste\u015b <strong>mieszka\u0144cem Gminy Miastko<\/strong> i uczniem <strong>Zespo\u0142u Szk\u00f3\u0142 Ponadpodstawowych<br>w \u0141odzierzy<\/strong> (okr\u0119g nr 11).<\/p>\n\n\n\n<hr class=\"wp-block-separator has-alpha-channel-opacity\"\/>\n\n\n\n<p><strong>\ud83d\udce3<\/strong><strong> Dlaczego warto?<\/strong><\/p>\n\n\n\n<p>To realna szansa, aby:<\/p>\n\n\n\n<ul class=\"wp-block-list\">\n<li>reprezentowa\u0107 m\u0142odych mieszka\u0144c\u00f3w;<\/li>\n\n\n\n<li>mie\u0107 wp\u0142yw na decyzje w gminie;<\/li>\n\n\n\n<li>zdoby\u0107 do\u015bwiadczenie i dzia\u0142a\u0107 na rzecz innych.<\/li>\n<\/ul>\n\n\n\n<p>\ud83d\udc49 <strong>Nie czekaj \u2013 zg\u0142o\u015b si\u0119 i dzia\u0142aj!<\/strong><\/p>\n\n\n\n<p>\ud83d\udc49 A je\u015bli nie kandydujesz \u2013 <strong>przyjd\u017a i zag\u0142osuj<\/strong>.<\/p>\n\n\n\n<hr class=\"wp-block-separator has-alpha-channel-opacity\"\/>\n\n\n\n<p><strong>\ud83d\udcde<\/strong><strong> Masz pytania?<\/strong><\/p>\n\n\n\n<p>Skontaktuj si\u0119 z Gminn\u0105 Komisj\u0105 Wyborcz\u0105:<\/p>\n\n\n\n<p>\ud83d\udccd Urz\u0105d Miejski w Miastku, ul. Grunwaldzka 1, pok. 24 lub 49;<\/p>\n\n\n\n<p>\ud83d\udce7 <a href=\"mailto:sekretariat@um.miastko.pl\">sekretariat@um.miastko.pl<\/a>;<\/p>\n\n\n\n<p>\ud83d\udcde 59 857 07 76.<\/p>\n\n\n\n<hr class=\"wp-block-separator has-alpha-channel-opacity\"\/>\n\n\n\n<p>\ud83d\uddd3 <strong>Og\u0142oszenie wynik\u00f3w wybor\u00f3w planowane jest do 12 czerwca 2026 r.<\/strong><\/p>\n\n\n\n<p>Szczeg\u00f3\u0142owe informacje, wzory dokument\u00f3w oraz kalendarz wyborczy dost\u0119pne s\u0105 na stronie internetowej <a href=\"http:\/\/www.miastko.pl\">www.miastko.pl<\/a> oraz w Biuletynie Informacji Publicznej \u2013 <a href=\"http:\/\/www.bip.miastko.pl\">www.bip.miastko.pl<\/a>.<\/p>\n\n\n\n<div data-wp-interactive=\"core\/file\" class=\"wp-block-file\"><object data-wp-bind--hidden=\"!state.hasPdfPreview\" hidden class=\"wp-block-file__embed\" data=\"https:\/\/lodzierz.pl\/wp-content\/uploads\/2026\/04\/Obwieszczenie-GKW-z-dnia-09.04.2026-r.-kalendarz-wyborczy.pdf\" type=\"application\/pdf\" style=\"width:100%;height:600px\" aria-label=\"Osadzone z Obwieszczenie GKW z dnia 09.04.2026 r. - kalendarz wyborczy.\"><\/object><a id=\"wp-block-file--media-0fdac32c-9833-44d2-a28f-b1052f38ee2d\" href=\"https:\/\/lodzierz.pl\/wp-content\/uploads\/2026\/04\/Obwieszczenie-GKW-z-dnia-09.04.2026-r.-kalendarz-wyborczy.pdf\">Obwieszczenie GKW z dnia 09.04.2026 r. &#8211; kalendarz wyborczy<\/a><a href=\"https:\/\/lodzierz.pl\/wp-content\/uploads\/2026\/04\/Obwieszczenie-GKW-z-dnia-09.04.2026-r.-kalendarz-wyborczy.pdf\" class=\"wp-block-file__button wp-element-button\" download aria-describedby=\"wp-block-file--media-0fdac32c-9833-44d2-a28f-b1052f38ee2d\">Pobierz<\/a><\/div>\n\n\n\n<div data-wp-interactive=\"core\/file\" class=\"wp-block-file\"><object data-wp-bind--hidden=\"!state.hasPdfPreview\" hidden class=\"wp-block-file__embed\" data=\"https:\/\/lodzierz.pl\/wp-content\/uploads\/2026\/04\/Zarzadzenie-Nr-385.IX_.2026-Burmistrza-Miastka-z-dnia-08.04.2026-r.-w-sprawie-wyborow-uzupelniajacych-w-okr.-11.pdf\" type=\"application\/pdf\" style=\"width:100%;height:600px\" aria-label=\"Osadzone z Zarz\u0105dzenie Nr 385.IX.2026 Burmistrza Miastka z dnia 08.04.2026 r. w sprawie wybor\u00f3w uzupe\u0142niaj\u0105cych w okr. 11.\"><\/object><a id=\"wp-block-file--media-db464edb-0400-4e8f-a621-43d45f6cfa9d\" href=\"https:\/\/lodzierz.pl\/wp-content\/uploads\/2026\/04\/Zarzadzenie-Nr-385.IX_.2026-Burmistrza-Miastka-z-dnia-08.04.2026-r.-w-sprawie-wyborow-uzupelniajacych-w-okr.-11.pdf\">Zarz\u0105dzenie Nr 385.IX.2026 Burmistrza Miastka z dnia 08.04.2026 r. w sprawie wybor\u00f3w uzupe\u0142niaj\u0105cych w okr. 11<\/a><a href=\"https:\/\/lodzierz.pl\/wp-content\/uploads\/2026\/04\/Zarzadzenie-Nr-385.IX_.2026-Burmistrza-Miastka-z-dnia-08.04.2026-r.-w-sprawie-wyborow-uzupelniajacych-w-okr.-11.pdf\" class=\"wp-block-file__button wp-element-button\" download aria-describedby=\"wp-block-file--media-db464edb-0400-4e8f-a621-43d45f6cfa9d\">Pobierz<\/a><\/div>\n","protected":false},"excerpt":{"rendered":"<p>Chcesz mie\u0107 wp\u0142yw na to, co dzieje si\u0119 w naszej gminie? To Twoja szansa! Burmistrz Miastka zarz\u0105dzi\u0142 wybory uzupe\u0142niaj\u0105ce do M\u0142odzie\u017cowej Rady Miejskiej w Miastku w okr\u0119gu wyborczym nr 11 (Zesp\u00f3\u0142 Szk\u00f3\u0142 Ponadpodstawowych w \u0141odzierzy). \ud83d\uddf3 Kiedy g\u0142osowanie? 9 czerwca 2026 r. (godz. 8:00\u201313:00) \u270d Jak zg\u0142osi\u0107 kandydatur\u0119? Zg\u0142oszenia kandydat\u00f3w przyjmowane s\u0105 do 15 maja [&hellip;]<\/p>\n","protected":false},"author":1,"featured_media":26194,"comment_status":"closed","ping_status":"closed","sticky":false,"template":"","format":"standard","meta":{"ngg_post_thumbnail":0,"footnotes":""},"categories":[4,1],"tags":[],"class_list":["post-26188","post","type-post","status-publish","format-standard","has-post-thumbnail","hentry","category-aktualnosci","category-uncategorized"],"_links":{"self":[{"href":"https:\/\/lodzierz.pl\/index.php?rest_route=\/wp\/v2\/posts\/26188","targetHints":{"allow":["GET"]}}],"collection":[{"href":"https:\/\/lodzierz.pl\/index.php?rest_route=\/wp\/v2\/posts"}],"about":[{"href":"https:\/\/lodzierz.pl\/index.php?rest_route=\/wp\/v2\/types\/post"}],"author":[{"embeddable":true,"href":"https:\/\/lodzierz.pl\/index.php?rest_route=\/wp\/v2\/users\/1"}],"replies":[{"embeddable":true,"href":"https:\/\/lodzierz.pl\/index.php?rest_route=%2Fwp%2Fv2%2Fcomments&post=26188"}],"version-history":[{"count":2,"href":"https:\/\/lodzierz.pl\/index.php?rest_route=\/wp\/v2\/posts\/26188\/revisions"}],"predecessor-version":[{"id":26195,"href":"https:\/\/lodzierz.pl\/index.php?rest_route=\/wp\/v2\/posts\/26188\/revisions\/26195"}],"wp:featuredmedia":[{"embeddable":true,"href":"https:\/\/lodzierz.pl\/index.php?rest_route=\/wp\/v2\/media\/26194"}],"wp:attachment":[{"href":"https:\/\/lodzierz.pl\/index.php?rest_route=%2Fwp%2Fv2%2Fmedia&parent=26188"}],"wp:term":[{"taxonomy":"category","embeddable":true,"href":"https:\/\/lodzierz.pl\/index.php?rest_route=%2Fwp%2Fv2%2Fcategories&post=26188"},{"taxonomy":"post_tag","embeddable":true,"href":"https:\/\/lodzierz.pl\/index.php?rest_route=%2Fwp%2Fv2%2Ftags&post=26188"}],"curies":[{"name":"wp","href":"https:\/\/api.w.org\/{rel}","templated":true}]}}