{"id":25969,"date":"2026-03-13T07:37:16","date_gmt":"2026-03-13T07:37:16","guid":{"rendered":"https:\/\/lodzierz.pl\/?p=25969"},"modified":"2026-03-13T07:41:20","modified_gmt":"2026-03-13T07:41:20","slug":"jak-przygotowac-sie-do-rynku-pracy","status":"publish","type":"post","link":"https:\/\/lodzierz.pl\/?p=25969","title":{"rendered":"Jak przygotowa\u0107 si\u0119 do rynku pracy"},"content":{"rendered":"\n<div class=\"wp-block-media-text is-stacked-on-mobile\"><figure class=\"wp-block-media-text__media\"><img loading=\"lazy\" decoding=\"async\" width=\"640\" height=\"512\" src=\"https:\/\/lodzierz.pl\/wp-content\/uploads\/2026\/03\/650834267_1570779161305892_4359321467821829203_n.jpg\" alt=\"\" class=\"wp-image-25970 size-full\" srcset=\"https:\/\/lodzierz.pl\/wp-content\/uploads\/2026\/03\/650834267_1570779161305892_4359321467821829203_n.jpg 640w, https:\/\/lodzierz.pl\/wp-content\/uploads\/2026\/03\/650834267_1570779161305892_4359321467821829203_n-300x240.jpg 300w\" sizes=\"auto, (max-width: 640px) 100vw, 640px\" \/><\/figure><div class=\"wp-block-media-text__content\">\n<p style=\"font-size:15px\">Warsztaty dla uczni\u00f3w ZSP w \u0141odzierzy<\/p>\n\n\n\n<p style=\"font-size:15px\">10 marca 2026 r. uczniowie Zespo\u0142u Szk\u00f3\u0142 Ponadpodstawowych w \u0141odzierzy spotkali si\u0119 z przedstawicielami Centrum Edukacji i Pracy M\u0142odzie\u017cy w S\u0142upsku oraz 11\u201319 Hufca Pracy w S\u0142upsku. W wydarzeniu uczestniczy\u0142o oko\u0142o 80 uczni\u00f3w kszta\u0142c\u0105cych si\u0119 w zawodach m.in. mechanik i kucharz. Podczas spotkania m\u0142odzie\u017c pozna\u0142a ofert\u0119 wsparcia, szkole\u0144 i mo\u017cliwo\u015bci rozwoju zawodowego, jakie oferuj\u0105 instytucje wspieraj\u0105ce m\u0142odych ludzi na rynku pracy<\/p>\n<\/div><\/div>\n\n\n\n<p style=\"font-size:15px\">W trakcie warsztat\u00f3w uczniowie dowiedzieli si\u0119 m.in.:  <\/p>\n\n\n\n<p style=\"font-size:15px\"> -jak przygotowa\u0107 profesjonalne CV,        <\/p>\n\n\n\n<p style=\"font-size:15px\"> -jak dobrze zaprezentowa\u0107 si\u0119 podczas rozmowy o prac\u0119,   <\/p>\n\n\n\n<p style=\"font-size:15px\">   &#8211; jak rozwija\u0107 kompetencje j\u0119zykowe przydatne w pracy i codziennym \u017cyciu.<\/p>\n\n\n\n<p style=\"font-size:15px\">Nie zabrak\u0142o tak\u017ce informacji o mo\u017cliwo\u015bciach wyjazd\u00f3w edukacyjnych i zawodowych, zar\u00f3wno w wojew\u00f3dztwie pomorskim, jak i za granic\u0105. Uczniowie poznali r\u00f3wnie\u017c mo\u017cliwo\u015bci, jakie daje sie\u0107 EURES, wspieraj\u0105ca mobilno\u015b\u0107 zawodow\u0105 w Europie. &nbsp;To by\u0142o inspiruj\u0105ce spotkanie, kt\u00f3re pokaza\u0142o m\u0142odzie\u017cy, jak \u015bwiadomie planowa\u0107 swoj\u0105 przysz\u0142o\u015b\u0107 zawodow\u0105 i korzysta\u0107 z dost\u0119pnych mo\u017cliwo\u015bci rozwoju<\/p>\n\n\n\n<p><\/p>\n","protected":false},"excerpt":{"rendered":"<p>Warsztaty dla uczni\u00f3w ZSP w \u0141odzierzy 10 marca 2026 r. uczniowie Zespo\u0142u Szk\u00f3\u0142 Ponadpodstawowych w \u0141odzierzy spotkali si\u0119 z przedstawicielami Centrum Edukacji i Pracy M\u0142odzie\u017cy w S\u0142upsku oraz 11\u201319 Hufca Pracy w S\u0142upsku. W wydarzeniu uczestniczy\u0142o oko\u0142o 80 uczni\u00f3w kszta\u0142c\u0105cych si\u0119 w zawodach m.in. mechanik i kucharz. Podczas spotkania m\u0142odzie\u017c pozna\u0142a ofert\u0119 wsparcia, szkole\u0144 i [&hellip;]<\/p>\n","protected":false},"author":1,"featured_media":25970,"comment_status":"closed","ping_status":"closed","sticky":false,"template":"","format":"standard","meta":{"ngg_post_thumbnail":0,"footnotes":""},"categories":[4,1],"tags":[],"class_list":["post-25969","post","type-post","status-publish","format-standard","has-post-thumbnail","hentry","category-aktualnosci","category-uncategorized"],"_links":{"self":[{"href":"https:\/\/lodzierz.pl\/index.php?rest_route=\/wp\/v2\/posts\/25969","targetHints":{"allow":["GET"]}}],"collection":[{"href":"https:\/\/lodzierz.pl\/index.php?rest_route=\/wp\/v2\/posts"}],"about":[{"href":"https:\/\/lodzierz.pl\/index.php?rest_route=\/wp\/v2\/types\/post"}],"author":[{"embeddable":true,"href":"https:\/\/lodzierz.pl\/index.php?rest_route=\/wp\/v2\/users\/1"}],"replies":[{"embeddable":true,"href":"https:\/\/lodzierz.pl\/index.php?rest_route=%2Fwp%2Fv2%2Fcomments&post=25969"}],"version-history":[{"count":6,"href":"https:\/\/lodzierz.pl\/index.php?rest_route=\/wp\/v2\/posts\/25969\/revisions"}],"predecessor-version":[{"id":25977,"href":"https:\/\/lodzierz.pl\/index.php?rest_route=\/wp\/v2\/posts\/25969\/revisions\/25977"}],"wp:featuredmedia":[{"embeddable":true,"href":"https:\/\/lodzierz.pl\/index.php?rest_route=\/wp\/v2\/media\/25970"}],"wp:attachment":[{"href":"https:\/\/lodzierz.pl\/index.php?rest_route=%2Fwp%2Fv2%2Fmedia&parent=25969"}],"wp:term":[{"taxonomy":"category","embeddable":true,"href":"https:\/\/lodzierz.pl\/index.php?rest_route=%2Fwp%2Fv2%2Fcategories&post=25969"},{"taxonomy":"post_tag","embeddable":true,"href":"https:\/\/lodzierz.pl\/index.php?rest_route=%2Fwp%2Fv2%2Ftags&post=25969"}],"curies":[{"name":"wp","href":"https:\/\/api.w.org\/{rel}","templated":true}]}}