{"id":25609,"date":"2025-11-12T10:12:33","date_gmt":"2025-11-12T10:12:33","guid":{"rendered":"https:\/\/lodzierz.pl\/?p=25609"},"modified":"2025-11-12T10:12:34","modified_gmt":"2025-11-12T10:12:34","slug":"swieto-odzyskania-niepodleglosci-2","status":"publish","type":"post","link":"https:\/\/lodzierz.pl\/?p=25609","title":{"rendered":"\u015awi\u0119to Odzyskania Niepodleg\u0142o\u015bci"},"content":{"rendered":"\n<div class=\"wp-block-media-text is-stacked-on-mobile\"><figure class=\"wp-block-media-text__media\"><img loading=\"lazy\" decoding=\"async\" width=\"800\" height=\"530\" src=\"https:\/\/lodzierz.pl\/wp-content\/uploads\/2025\/11\/IMG_0624.jpg\" alt=\"\" class=\"wp-image-25610 size-full\" srcset=\"https:\/\/lodzierz.pl\/wp-content\/uploads\/2025\/11\/IMG_0624.jpg 800w, https:\/\/lodzierz.pl\/wp-content\/uploads\/2025\/11\/IMG_0624-300x199.jpg 300w, https:\/\/lodzierz.pl\/wp-content\/uploads\/2025\/11\/IMG_0624-768x509.jpg 768w\" sizes=\"auto, (max-width: 800px) 100vw, 800px\" \/><\/figure><div class=\"wp-block-media-text__content\">\n<p style=\"font-size:15px\">W dniu Narodowego \u015awi\u0119ta Niepodleg\u0142o\u015bci przedstawiciele naszej szko\u0142y uczestniczyli w uroczysto\u015bciach zorganizowanych w Miastku. Obchody rozpocz\u0119\u0142y si\u0119 przy Pomniku Narodu Polskiego, gdzie zgromadzili si\u0119 mieszka\u0144cy, przedstawiciele w\u0142adz samorz\u0105dowych, instytucji, organizacji oraz szk\u00f3\u0142.<\/p>\n<\/div><\/div>\n\n\n\n<div class=\"wp-block-media-text is-stacked-on-mobile\"><figure class=\"wp-block-media-text__media\"><img loading=\"lazy\" decoding=\"async\" width=\"800\" height=\"530\" src=\"https:\/\/lodzierz.pl\/wp-content\/uploads\/2025\/11\/IMG_0625.jpg\" alt=\"\" class=\"wp-image-25611 size-full\" srcset=\"https:\/\/lodzierz.pl\/wp-content\/uploads\/2025\/11\/IMG_0625.jpg 800w, https:\/\/lodzierz.pl\/wp-content\/uploads\/2025\/11\/IMG_0625-300x199.jpg 300w, https:\/\/lodzierz.pl\/wp-content\/uploads\/2025\/11\/IMG_0625-768x509.jpg 768w\" sizes=\"auto, (max-width: 800px) 100vw, 800px\" \/><\/figure><div class=\"wp-block-media-text__content\">\n<p style=\"font-size:15px\">W\u015br\u00f3d uczestnik\u00f3w znale\u017ali si\u0119 r\u00f3wnie\u017c reprezentanci naszej szko\u0142y \u2013 poczet sztandarowy Zespo\u0142u Szk\u00f3\u0142 Ponadpodstawowych w \u0141odzierzy w sk\u0142adzie: Eryk Ambroziak, Wiktoria Kami\u0144ska i Lena Wojtera. Podczas uroczysto\u015bci delegacje z\u0142o\u017cy\u0142y wie\u0144ce i kwiaty pod Pomnikiem Narodu Polskiego, oddaj\u0105c ho\u0142d bohaterom narodowym. Nast\u0119pnie uczestnicy przemaszerowali do ko\u015bcio\u0142a pw. NMP Wspomo\u017cenia Wiernych, gdzie odprawiona zosta\u0142a msza \u015bwi\u0119ta w intencji Ojczyzny.<\/p>\n<\/div><\/div>\n\n\n<div class=\"wp-block-image\">\n<figure class=\"aligncenter size-full is-resized\"><img loading=\"lazy\" decoding=\"async\" width=\"800\" height=\"533\" src=\"https:\/\/lodzierz.pl\/wp-content\/uploads\/2025\/11\/IMG_0626.jpg\" alt=\"\" class=\"wp-image-25612\" style=\"aspect-ratio:1.5009380863039399;width:381px;height:auto\" srcset=\"https:\/\/lodzierz.pl\/wp-content\/uploads\/2025\/11\/IMG_0626.jpg 800w, https:\/\/lodzierz.pl\/wp-content\/uploads\/2025\/11\/IMG_0626-300x200.jpg 300w, https:\/\/lodzierz.pl\/wp-content\/uploads\/2025\/11\/IMG_0626-768x512.jpg 768w\" sizes=\"auto, (max-width: 800px) 100vw, 800px\" \/><\/figure>\n<\/div>","protected":false},"excerpt":{"rendered":"<p>W dniu Narodowego \u015awi\u0119ta Niepodleg\u0142o\u015bci przedstawiciele naszej szko\u0142y uczestniczyli w uroczysto\u015bciach zorganizowanych w Miastku. Obchody rozpocz\u0119\u0142y si\u0119 przy Pomniku Narodu Polskiego, gdzie zgromadzili si\u0119 mieszka\u0144cy, przedstawiciele w\u0142adz samorz\u0105dowych, instytucji, organizacji oraz szk\u00f3\u0142. W\u015br\u00f3d uczestnik\u00f3w znale\u017ali si\u0119 r\u00f3wnie\u017c reprezentanci naszej szko\u0142y \u2013 poczet sztandarowy Zespo\u0142u Szk\u00f3\u0142 Ponadpodstawowych w \u0141odzierzy w sk\u0142adzie: Eryk Ambroziak, Wiktoria Kami\u0144ska i [&hellip;]<\/p>\n","protected":false},"author":1,"featured_media":25612,"comment_status":"closed","ping_status":"closed","sticky":false,"template":"","format":"standard","meta":{"ngg_post_thumbnail":0,"footnotes":""},"categories":[4],"tags":[],"class_list":["post-25609","post","type-post","status-publish","format-standard","has-post-thumbnail","hentry","category-aktualnosci"],"_links":{"self":[{"href":"https:\/\/lodzierz.pl\/index.php?rest_route=\/wp\/v2\/posts\/25609","targetHints":{"allow":["GET"]}}],"collection":[{"href":"https:\/\/lodzierz.pl\/index.php?rest_route=\/wp\/v2\/posts"}],"about":[{"href":"https:\/\/lodzierz.pl\/index.php?rest_route=\/wp\/v2\/types\/post"}],"author":[{"embeddable":true,"href":"https:\/\/lodzierz.pl\/index.php?rest_route=\/wp\/v2\/users\/1"}],"replies":[{"embeddable":true,"href":"https:\/\/lodzierz.pl\/index.php?rest_route=%2Fwp%2Fv2%2Fcomments&post=25609"}],"version-history":[{"count":1,"href":"https:\/\/lodzierz.pl\/index.php?rest_route=\/wp\/v2\/posts\/25609\/revisions"}],"predecessor-version":[{"id":25613,"href":"https:\/\/lodzierz.pl\/index.php?rest_route=\/wp\/v2\/posts\/25609\/revisions\/25613"}],"wp:featuredmedia":[{"embeddable":true,"href":"https:\/\/lodzierz.pl\/index.php?rest_route=\/wp\/v2\/media\/25612"}],"wp:attachment":[{"href":"https:\/\/lodzierz.pl\/index.php?rest_route=%2Fwp%2Fv2%2Fmedia&parent=25609"}],"wp:term":[{"taxonomy":"category","embeddable":true,"href":"https:\/\/lodzierz.pl\/index.php?rest_route=%2Fwp%2Fv2%2Fcategories&post=25609"},{"taxonomy":"post_tag","embeddable":true,"href":"https:\/\/lodzierz.pl\/index.php?rest_route=%2Fwp%2Fv2%2Ftags&post=25609"}],"curies":[{"name":"wp","href":"https:\/\/api.w.org\/{rel}","templated":true}]}}