{"id":24599,"date":"2025-04-08T09:16:05","date_gmt":"2025-04-08T09:16:05","guid":{"rendered":"https:\/\/lodzierz.pl\/?p=24599"},"modified":"2025-04-08T09:16:07","modified_gmt":"2025-04-08T09:16:07","slug":"zsp-lodzierz-wspolpracuje-z-pve-dobra-energia","status":"publish","type":"post","link":"https:\/\/lodzierz.pl\/?p=24599","title":{"rendered":"ZSP \u0141odzierz wsp\u00f3\u0142pracuje z PVE Dobra Energia"},"content":{"rendered":"\n<div class=\"wp-block-media-text is-stacked-on-mobile\"><figure class=\"wp-block-media-text__media\"><img loading=\"lazy\" decoding=\"async\" width=\"1024\" height=\"768\" src=\"https:\/\/lodzierz.pl\/wp-content\/uploads\/2025\/04\/PHOTO-2025-04-08-10-27-24-1024x768.jpg\" alt=\"\" class=\"wp-image-24602 size-full\" srcset=\"https:\/\/lodzierz.pl\/wp-content\/uploads\/2025\/04\/PHOTO-2025-04-08-10-27-24-1024x768.jpg 1024w, https:\/\/lodzierz.pl\/wp-content\/uploads\/2025\/04\/PHOTO-2025-04-08-10-27-24-300x225.jpg 300w, https:\/\/lodzierz.pl\/wp-content\/uploads\/2025\/04\/PHOTO-2025-04-08-10-27-24-768x576.jpg 768w, https:\/\/lodzierz.pl\/wp-content\/uploads\/2025\/04\/PHOTO-2025-04-08-10-27-24-1536x1152.jpg 1536w, https:\/\/lodzierz.pl\/wp-content\/uploads\/2025\/04\/PHOTO-2025-04-08-10-27-24.jpg 1600w\" sizes=\"auto, (max-width: 1024px) 100vw, 1024px\" \/><\/figure><div class=\"wp-block-media-text__content\">\n<p style=\"font-size:15px\">Fundacja PVE Dobra Energia &nbsp;prowadzi od trzech lat &nbsp;autorski projekt, w ramach kt\u00f3rego stara si\u0119 wzmacnia\u0107 spo\u0142eczno\u015bci lokalne z teren\u00f3w wiejskich, podnosi\u0107 poziom wiedzy dotycz\u0105cej troski o \u015brodowisko naturalne, ekologii, odnawialnych \u017ar\u00f3de\u0142 energii, a tak\u017ce rozwija\u0107 zainteresowania dzieci i m\u0142odzie\u017cy naukami przyrodniczymi. &nbsp;<\/p>\n<\/div><\/div>\n\n\n\n<div class=\"wp-block-media-text is-stacked-on-mobile\"><figure class=\"wp-block-media-text__media\"><img loading=\"lazy\" decoding=\"async\" width=\"768\" height=\"1024\" src=\"https:\/\/lodzierz.pl\/wp-content\/uploads\/2025\/04\/PHOTO-2025-04-08-10-27-25-768x1024.jpg\" alt=\"\" class=\"wp-image-24601 size-full\" srcset=\"https:\/\/lodzierz.pl\/wp-content\/uploads\/2025\/04\/PHOTO-2025-04-08-10-27-25-768x1024.jpg 768w, https:\/\/lodzierz.pl\/wp-content\/uploads\/2025\/04\/PHOTO-2025-04-08-10-27-25-225x300.jpg 225w, https:\/\/lodzierz.pl\/wp-content\/uploads\/2025\/04\/PHOTO-2025-04-08-10-27-25-1152x1536.jpg 1152w, https:\/\/lodzierz.pl\/wp-content\/uploads\/2025\/04\/PHOTO-2025-04-08-10-27-25.jpg 1200w\" sizes=\"auto, (max-width: 768px) 100vw, 768px\" \/><\/figure><div class=\"wp-block-media-text__content\">\n<p style=\"font-size:15px\">W ramach tegorocznej edycji w bibliotece naszej szko\u0142y odby\u0142y si\u0119 warsztaty prowadzone przez nauczyciela Waldemara Zwiewk\u0119 pt. \u201eFuturopolis \u2013 miasto jutra\u201d. Oparte one by\u0142y \u00a0na ksi\u0105\u017cce pod tym samym tytu\u0142em autorstwa Joanny Jagie\u0142\u0142o oraz koncepcji realizowanej obecnie budowy dzielnicy Hamburga tzw. HafenCity, kt\u00f3ra tworzona jest w ramach koncepcji zr\u00f3wnowa\u017conego rozwoju. \u00a0Uczniowie klasy IV technikum uczestnicz\u0105cy w zaj\u0119ciach dyskutowali o tym, jak ich zdaniem wygl\u0105da\u0107 b\u0119dzie miasto przysz\u0142o\u015bci. Skupili si\u0119 na czterech zakresach tematycznych: architekturze, strefach wypoczynku, komunikacji i energii. Pracuj\u0105c w grupach przedstawili swoj\u0105 wizj\u0119 miasta przysz\u0142o\u015bci przyjaznego \u015brodowisku. \u00a0W ramach projektu planowane jest jeszcze spotkanie z Pani\u0105 Dagmar\u0105 Czapiewsk\u0105-\u017b\u00f3\u0142tow\u0142os, pracownikiem Nadle\u015bnictwa Miastko oraz wycieczka tematyczna w okolicach naszej szko\u0142y. \u00a0Zapraszamy wszystkich do udzia\u0142u w tych przedsi\u0119wzi\u0119ciach<\/p>\n<\/div><\/div>\n","protected":false},"excerpt":{"rendered":"<p>Fundacja PVE Dobra Energia &nbsp;prowadzi od trzech lat &nbsp;autorski projekt, w ramach kt\u00f3rego stara si\u0119 wzmacnia\u0107 spo\u0142eczno\u015bci lokalne z teren\u00f3w wiejskich, podnosi\u0107 poziom wiedzy dotycz\u0105cej troski o \u015brodowisko naturalne, ekologii, odnawialnych \u017ar\u00f3de\u0142 energii, a tak\u017ce rozwija\u0107 zainteresowania dzieci i m\u0142odzie\u017cy naukami przyrodniczymi. &nbsp; W ramach tegorocznej edycji w bibliotece naszej szko\u0142y odby\u0142y si\u0119 warsztaty prowadzone [&hellip;]<\/p>\n","protected":false},"author":1,"featured_media":24602,"comment_status":"closed","ping_status":"closed","sticky":false,"template":"","format":"standard","meta":{"ngg_post_thumbnail":0,"footnotes":""},"categories":[4],"tags":[],"class_list":["post-24599","post","type-post","status-publish","format-standard","has-post-thumbnail","hentry","category-aktualnosci"],"_links":{"self":[{"href":"https:\/\/lodzierz.pl\/index.php?rest_route=\/wp\/v2\/posts\/24599","targetHints":{"allow":["GET"]}}],"collection":[{"href":"https:\/\/lodzierz.pl\/index.php?rest_route=\/wp\/v2\/posts"}],"about":[{"href":"https:\/\/lodzierz.pl\/index.php?rest_route=\/wp\/v2\/types\/post"}],"author":[{"embeddable":true,"href":"https:\/\/lodzierz.pl\/index.php?rest_route=\/wp\/v2\/users\/1"}],"replies":[{"embeddable":true,"href":"https:\/\/lodzierz.pl\/index.php?rest_route=%2Fwp%2Fv2%2Fcomments&post=24599"}],"version-history":[{"count":2,"href":"https:\/\/lodzierz.pl\/index.php?rest_route=\/wp\/v2\/posts\/24599\/revisions"}],"predecessor-version":[{"id":24603,"href":"https:\/\/lodzierz.pl\/index.php?rest_route=\/wp\/v2\/posts\/24599\/revisions\/24603"}],"wp:featuredmedia":[{"embeddable":true,"href":"https:\/\/lodzierz.pl\/index.php?rest_route=\/wp\/v2\/media\/24602"}],"wp:attachment":[{"href":"https:\/\/lodzierz.pl\/index.php?rest_route=%2Fwp%2Fv2%2Fmedia&parent=24599"}],"wp:term":[{"taxonomy":"category","embeddable":true,"href":"https:\/\/lodzierz.pl\/index.php?rest_route=%2Fwp%2Fv2%2Fcategories&post=24599"},{"taxonomy":"post_tag","embeddable":true,"href":"https:\/\/lodzierz.pl\/index.php?rest_route=%2Fwp%2Fv2%2Ftags&post=24599"}],"curies":[{"name":"wp","href":"https:\/\/api.w.org\/{rel}","templated":true}]}}