{"id":21388,"date":"2023-04-28T10:06:04","date_gmt":"2023-04-28T10:06:04","guid":{"rendered":"http:\/\/lodzierz.pl\/?p=21388"},"modified":"2023-04-28T10:13:57","modified_gmt":"2023-04-28T10:13:57","slug":"21388","status":"publish","type":"post","link":"https:\/\/lodzierz.pl\/?p=21388","title":{"rendered":"Po\u017cegnali\u015bmy  maturzyst\u00f3w"},"content":{"rendered":"\n<div class=\"wp-block-media-text alignwide is-stacked-on-mobile\" style=\"grid-template-columns:49% auto\"><figure class=\"wp-block-media-text__media\"><img loading=\"lazy\" decoding=\"async\" width=\"800\" height=\"600\" src=\"http:\/\/lodzierz.pl\/wp-content\/uploads\/2023\/04\/053.jpg\" alt=\"\" class=\"wp-image-21389 size-full\" srcset=\"https:\/\/lodzierz.pl\/wp-content\/uploads\/2023\/04\/053.jpg 800w, https:\/\/lodzierz.pl\/wp-content\/uploads\/2023\/04\/053-300x225.jpg 300w, https:\/\/lodzierz.pl\/wp-content\/uploads\/2023\/04\/053-768x576.jpg 768w\" sizes=\"auto, (max-width: 800px) 100vw, 800px\" \/><\/figure><div class=\"wp-block-media-text__content\">\n<p class=\"has-text-align-justify\" style=\"font-size:15px\">W pi\u0105tek 28 kwietnia po\u017cegnali\u015bmy kolejny rocznik naszych absolwent\u00f3w. W uroczysto\u015bci   po\u017cegnania tegorocznych absolwent\u00f3w   uczestniczyli zaproszeni go\u015bcie m.in. wicestarosta bytowski Roman Ramion ,   rodzice tegorocznych absolwent\u00f3w, grono pedagogiczne i m\u0142odzie\u017c szkolna<\/p>\n<\/div><\/div>\n\n\n\n<div class=\"wp-block-media-text alignwide is-stacked-on-mobile\" style=\"grid-template-columns:49% auto\"><figure class=\"wp-block-media-text__media\"><img loading=\"lazy\" decoding=\"async\" width=\"800\" height=\"600\" src=\"http:\/\/lodzierz.pl\/wp-content\/uploads\/2023\/04\/025.jpg\" alt=\"\" class=\"wp-image-21390 size-full\" srcset=\"https:\/\/lodzierz.pl\/wp-content\/uploads\/2023\/04\/025.jpg 800w, https:\/\/lodzierz.pl\/wp-content\/uploads\/2023\/04\/025-300x225.jpg 300w, https:\/\/lodzierz.pl\/wp-content\/uploads\/2023\/04\/025-768x576.jpg 768w\" sizes=\"auto, (max-width: 800px) 100vw, 800px\" \/><\/figure><div class=\"wp-block-media-text__content\">\n<p class=\"has-text-align-justify\" style=\"font-size:15px\">W czasie uroczysto\u015bci dyrektor szko\u0142y Mariusz Treder wr\u0119czy\u0142 tegorocznym absolwentom \u015bwiadectwa uko\u0144czenia szko\u0142y, a wyr\u00f3\u017cniaj\u0105cym si\u0119 uczniom nagrody i pami\u0105tkowe dyplomy. Listy gratulacyjne otrzymali rodzice najlepszych&nbsp;uczni\u00f3w, kt\u00f3rzy osi\u0105gneli najlepsze wyniki w nauczaniu. Teraz przed nimi ju\u017c tylko egzaminy maturalne -\u017cyczymy powodzenia<\/p>\n\n\n\n<p style=\"font-size:15px\"><\/p>\n<\/div><\/div>\n\n\n\n<p><em>ngg_shortcode_0_placeholder<\/em><\/p>\n","protected":false},"excerpt":{"rendered":"<p>W pi\u0105tek 28 kwietnia po\u017cegnali\u015bmy kolejny rocznik naszych absolwent\u00f3w. W uroczysto\u015bci po\u017cegnania tegorocznych absolwent\u00f3w uczestniczyli zaproszeni go\u015bcie m.in. wicestarosta bytowski Roman Ramion , rodzice tegorocznych absolwent\u00f3w, grono pedagogiczne i m\u0142odzie\u017c szkolna W czasie uroczysto\u015bci dyrektor szko\u0142y Mariusz Treder wr\u0119czy\u0142 tegorocznym absolwentom \u015bwiadectwa uko\u0144czenia szko\u0142y, a wyr\u00f3\u017cniaj\u0105cym si\u0119 uczniom nagrody i pami\u0105tkowe dyplomy. Listy gratulacyjne otrzymali [&hellip;]<\/p>\n","protected":false},"author":1,"featured_media":21390,"comment_status":"closed","ping_status":"closed","sticky":false,"template":"","format":"standard","meta":{"ngg_post_thumbnail":0,"footnotes":""},"categories":[4],"tags":[],"class_list":["post-21388","post","type-post","status-publish","format-standard","has-post-thumbnail","hentry","category-aktualnosci"],"_links":{"self":[{"href":"https:\/\/lodzierz.pl\/index.php?rest_route=\/wp\/v2\/posts\/21388","targetHints":{"allow":["GET"]}}],"collection":[{"href":"https:\/\/lodzierz.pl\/index.php?rest_route=\/wp\/v2\/posts"}],"about":[{"href":"https:\/\/lodzierz.pl\/index.php?rest_route=\/wp\/v2\/types\/post"}],"author":[{"embeddable":true,"href":"https:\/\/lodzierz.pl\/index.php?rest_route=\/wp\/v2\/users\/1"}],"replies":[{"embeddable":true,"href":"https:\/\/lodzierz.pl\/index.php?rest_route=%2Fwp%2Fv2%2Fcomments&post=21388"}],"version-history":[{"count":9,"href":"https:\/\/lodzierz.pl\/index.php?rest_route=\/wp\/v2\/posts\/21388\/revisions"}],"predecessor-version":[{"id":21401,"href":"https:\/\/lodzierz.pl\/index.php?rest_route=\/wp\/v2\/posts\/21388\/revisions\/21401"}],"wp:featuredmedia":[{"embeddable":true,"href":"https:\/\/lodzierz.pl\/index.php?rest_route=\/wp\/v2\/media\/21390"}],"wp:attachment":[{"href":"https:\/\/lodzierz.pl\/index.php?rest_route=%2Fwp%2Fv2%2Fmedia&parent=21388"}],"wp:term":[{"taxonomy":"category","embeddable":true,"href":"https:\/\/lodzierz.pl\/index.php?rest_route=%2Fwp%2Fv2%2Fcategories&post=21388"},{"taxonomy":"post_tag","embeddable":true,"href":"https:\/\/lodzierz.pl\/index.php?rest_route=%2Fwp%2Fv2%2Ftags&post=21388"}],"curies":[{"name":"wp","href":"https:\/\/api.w.org\/{rel}","templated":true}]}}