{"id":19027,"date":"2022-09-01T11:43:59","date_gmt":"2022-09-01T11:43:59","guid":{"rendered":"http:\/\/lodzierz.pl\/?p=19027"},"modified":"2022-09-01T11:47:46","modified_gmt":"2022-09-01T11:47:46","slug":"zabrzmial-pierwszy-dzwonek","status":"publish","type":"post","link":"https:\/\/lodzierz.pl\/?p=19027","title":{"rendered":"Zabrzmia\u0142 pierwszy dzwonek"},"content":{"rendered":"\n<div class=\"wp-block-media-text alignwide is-stacked-on-mobile\"><figure class=\"wp-block-media-text__media\"><img loading=\"lazy\" decoding=\"async\" width=\"800\" height=\"600\" src=\"http:\/\/lodzierz.pl\/wp-content\/uploads\/2022\/09\/002.jpg\" alt=\"\" class=\"wp-image-19030 size-full\" srcset=\"https:\/\/lodzierz.pl\/wp-content\/uploads\/2022\/09\/002.jpg 800w, https:\/\/lodzierz.pl\/wp-content\/uploads\/2022\/09\/002-300x225.jpg 300w, https:\/\/lodzierz.pl\/wp-content\/uploads\/2022\/09\/002-768x576.jpg 768w\" sizes=\"auto, (max-width: 800px) 100vw, 800px\" \/><\/figure><div class=\"wp-block-media-text__content\">\n<p class=\"has-text-align-justify\" style=\"font-size:15px\">W ca\u0142ej Polsce jak r\u00f3wnie\u017c w naszej szkole zainaugurowali\u015bmy rozpocz\u0119cie roku szkolnego 2022\/2023. Inauguracje rozpocz\u0105\u0142 dyrektor szko\u0142y Mariusz Treder, kt\u00f3ry w swoim wyst\u0105pieniu \u017cyczy\u0142 uczniom wiary we w\u0142asne mo\u017cliwo\u015bci i osi\u0105gni\u0119cie sukces\u00f3w w nauce. W uroczysto\u015bci uczestniczyli: wicestarosta bytowski Roman Ramion, &nbsp;rodzice uczni\u00f3w, grono pedagogiczne oraz m\u0142odzie\u017c szkolna.<\/p>\n<\/div><\/div>\n\n\n\n<div class=\"wp-block-media-text alignwide is-stacked-on-mobile\"><figure class=\"wp-block-media-text__media\"><img loading=\"lazy\" decoding=\"async\" width=\"800\" height=\"600\" src=\"http:\/\/lodzierz.pl\/wp-content\/uploads\/2022\/09\/013.jpg\" alt=\"\" class=\"wp-image-19031 size-full\" srcset=\"https:\/\/lodzierz.pl\/wp-content\/uploads\/2022\/09\/013.jpg 800w, https:\/\/lodzierz.pl\/wp-content\/uploads\/2022\/09\/013-300x225.jpg 300w, https:\/\/lodzierz.pl\/wp-content\/uploads\/2022\/09\/013-768x576.jpg 768w\" sizes=\"auto, (max-width: 800px) 100vw, 800px\" \/><\/figure><div class=\"wp-block-media-text__content\">\n<p class=\"has-text-align-justify\" style=\"font-size:15px\">W\u015br\u00f3d uczestnik\u00f3w znalaz\u0142o si\u0119\u00a0151  uczni\u00f3w klas pierwszych , kt\u00f3rzy \u00a0rozpoczn\u0105 nauk\u0119 w naszej szkole w klasie technikalnej (technikum spedycji, technikum \u017cywienia i us\u0142ug gastronomicznych) i czterech klasach bran\u017cowej szko\u0142y I stopnia w zawodach: kucharz, fryzjer, mechanik samochodowy, stolarz, rybak \u015br\u00f3dl\u0105dowy, murarz i rolnik<\/p>\n\n\n\n<p><\/p>\n\n\n\n<p><\/p>\n\n\n\n<p><\/p>\n\n\n\n<p><\/p>\n<\/div><\/div>\n\n\n\n<p><em>ngg_shortcode_0_placeholder<\/em><\/p>\n","protected":false},"excerpt":{"rendered":"<p>W ca\u0142ej Polsce jak r\u00f3wnie\u017c w naszej szkole zainaugurowali\u015bmy rozpocz\u0119cie roku szkolnego 2022\/2023. Inauguracje rozpocz\u0105\u0142 dyrektor szko\u0142y Mariusz Treder, kt\u00f3ry w swoim wyst\u0105pieniu \u017cyczy\u0142 uczniom wiary we w\u0142asne mo\u017cliwo\u015bci i osi\u0105gni\u0119cie sukces\u00f3w w nauce. W uroczysto\u015bci uczestniczyli: wicestarosta bytowski Roman Ramion, &nbsp;rodzice uczni\u00f3w, grono pedagogiczne oraz m\u0142odzie\u017c szkolna. W\u015br\u00f3d uczestnik\u00f3w znalaz\u0142o si\u0119\u00a0151 uczni\u00f3w klas pierwszych [&hellip;]<\/p>\n","protected":false},"author":1,"featured_media":19034,"comment_status":"closed","ping_status":"closed","sticky":false,"template":"","format":"standard","meta":{"ngg_post_thumbnail":0,"footnotes":""},"categories":[4],"tags":[],"class_list":["post-19027","post","type-post","status-publish","format-standard","has-post-thumbnail","hentry","category-aktualnosci"],"_links":{"self":[{"href":"https:\/\/lodzierz.pl\/index.php?rest_route=\/wp\/v2\/posts\/19027","targetHints":{"allow":["GET"]}}],"collection":[{"href":"https:\/\/lodzierz.pl\/index.php?rest_route=\/wp\/v2\/posts"}],"about":[{"href":"https:\/\/lodzierz.pl\/index.php?rest_route=\/wp\/v2\/types\/post"}],"author":[{"embeddable":true,"href":"https:\/\/lodzierz.pl\/index.php?rest_route=\/wp\/v2\/users\/1"}],"replies":[{"embeddable":true,"href":"https:\/\/lodzierz.pl\/index.php?rest_route=%2Fwp%2Fv2%2Fcomments&post=19027"}],"version-history":[{"count":7,"href":"https:\/\/lodzierz.pl\/index.php?rest_route=\/wp\/v2\/posts\/19027\/revisions"}],"predecessor-version":[{"id":19039,"href":"https:\/\/lodzierz.pl\/index.php?rest_route=\/wp\/v2\/posts\/19027\/revisions\/19039"}],"wp:featuredmedia":[{"embeddable":true,"href":"https:\/\/lodzierz.pl\/index.php?rest_route=\/wp\/v2\/media\/19034"}],"wp:attachment":[{"href":"https:\/\/lodzierz.pl\/index.php?rest_route=%2Fwp%2Fv2%2Fmedia&parent=19027"}],"wp:term":[{"taxonomy":"category","embeddable":true,"href":"https:\/\/lodzierz.pl\/index.php?rest_route=%2Fwp%2Fv2%2Fcategories&post=19027"},{"taxonomy":"post_tag","embeddable":true,"href":"https:\/\/lodzierz.pl\/index.php?rest_route=%2Fwp%2Fv2%2Ftags&post=19027"}],"curies":[{"name":"wp","href":"https:\/\/api.w.org\/{rel}","templated":true}]}}