{"id":17469,"date":"2025-08-28T08:29:08","date_gmt":"2025-08-28T08:29:08","guid":{"rendered":"http:\/\/lodzierz.pl\/?p=17469"},"modified":"2025-08-29T10:17:49","modified_gmt":"2025-08-29T10:17:49","slug":"wyprawka-szkolna","status":"publish","type":"post","link":"https:\/\/lodzierz.pl\/?p=17469","title":{"rendered":"Wyprawka szkolna"},"content":{"rendered":"\n<div class=\"wp-block-media-text alignwide is-stacked-on-mobile\" style=\"grid-template-columns:48% auto\"><figure class=\"wp-block-media-text__media\"><img loading=\"lazy\" decoding=\"async\" width=\"960\" height=\"649\" src=\"http:\/\/lodzierz.pl\/wp-content\/uploads\/2021\/09\/wyprawka-szkolna-2019.jpg\" alt=\"\" class=\"wp-image-17470 size-full\" srcset=\"https:\/\/lodzierz.pl\/wp-content\/uploads\/2021\/09\/wyprawka-szkolna-2019.jpg 960w, https:\/\/lodzierz.pl\/wp-content\/uploads\/2021\/09\/wyprawka-szkolna-2019-300x203.jpg 300w, https:\/\/lodzierz.pl\/wp-content\/uploads\/2021\/09\/wyprawka-szkolna-2019-768x519.jpg 768w\" sizes=\"auto, (max-width: 960px) 100vw, 960px\" \/><\/figure><div class=\"wp-block-media-text__content\">\n<p class=\"has-text-align-center\" style=\"font-size:15px\"><strong>Uwaga Rodzice<\/strong> <\/p>\n\n\n\n<p class=\"has-text-align-justify\">Uczniowie s\u0142abowidz\u0105cy, nies\u0142ysz\u0105cy, s\u0142abos\u0142ysz\u0105cy, z niepe\u0142nosprawno\u015bci\u0105 ruchow\u0105, w tym z afazj\u0105, z autyzmem, w tym z zespo\u0142em Aspergera, z niepe\u0142nosprawno\u015bci\u0105 intelektualn\u0105 w stopniu lekkim, umiarkowanym lub znacznym oraz uczniowie z niepe\u0142nosprawno\u015bciami sprz\u0119\u017conymi (w przypadku gdy s\u0105 to niepe\u0142nosprawno\u015bci spo\u015br\u00f3d wy\u017cej wymienionych niepe\u0142nosprawno\u015bci), <strong>posiadaj\u0105cy aktualne orzeczenie o potrzebie kszta\u0142cenia specjalnego, <\/strong>zostali &nbsp;obj\u0119ci rz\u0105dowym programem <strong>pomocy uczniom niepe\u0142nosprawnym w formie dofinansowania zakupu podr\u0119cznik\u00f3w, materia\u0142\u00f3w edukacyjnych i materia\u0142\u00f3w \u0107wiczeniowych w latach 2023<\/strong>\u2013<strong>202<\/strong>5<\/p>\n<\/div><\/div>\n\n\n\n<p style=\"font-size:15px\">Dofinansowanie zakupu podr\u0119cznik\u00f3w, materia\u0142\u00f3w edukacyjnych i materia\u0142\u00f3w \u0107wiczeniowych dla jednego ucznia b\u0119dzie wynosi\u0107:<\/p>\n\n\n\n<p>Dla uczni\u00f3w Bran\u017cowej Szko\u0142y I stopnia \u2013 390,00 z\u0142<\/p>\n\n\n\n<p>Dla uczni\u00f3w Technikum \u2013 445,00 z\u0142<\/p>\n\n\n\n<p><strong>Aby skorzysta\u0107 z dofinansowania nale\u017cy z\u0142o\u017cy\u0107 wniosek do dyrektora szko\u0142y do dnia 12.09.2025r.<\/strong><\/p>\n\n\n\n<p><strong>Wniosek dost\u0119pny jest tak\u017ce w sekretariacie szko\u0142y oraz na <\/strong><a href=\"http:\/\/www.lodzierz.pl\"><strong>www.lodzierz.pl<\/strong><\/a><strong><\/strong><\/p>\n\n\n\n<p class=\"has-text-align-justify\">W przypadku zakup\u00f3w indywidualnych <strong>dowodem zakupu jest faktura VAT, wystawiona imiennie na ucznia, rodzica ucznia, prawnego opiekuna, rodzica zast\u0119pczego, <\/strong>osob\u0119 prowadz\u0105c\u0105 rodzinny dom dziecka, osob\u0119 faktycznie opiekuj\u0105c\u0105 si\u0119 dzieckiem, je\u017celi wyst\u0105pi\u0142a z wnioskiem do s\u0105du opieku\u0144czego o przysposobienie dziecka, <strong>lub rachunek, paragon lub o\u015bwiadczenie o zakupie podr\u0119cznik\u00f3w, materia\u0142\u00f3w edukacyjnych lub materia\u0142\u00f3w \u0107wiczeniowych. <\/strong><\/p>\n\n\n\n<div class=\"wp-block-buttons is-layout-flex wp-block-buttons-is-layout-flex\">\n<div class=\"wp-block-button\"><a class=\"wp-block-button__link has-white-color has-vivid-red-background-color has-text-color has-background wp-element-button\" href=\"http:\/\/lodzierz.pl\/wp-content\/uploads\/2023\/09\/wniosek-2023-2024.docx\">Wniosek<\/a><\/div>\n<\/div>\n\n\n\n<p><\/p>\n","protected":false},"excerpt":{"rendered":"<p>Uwaga Rodzice Uczniowie s\u0142abowidz\u0105cy, nies\u0142ysz\u0105cy, s\u0142abos\u0142ysz\u0105cy, z niepe\u0142nosprawno\u015bci\u0105 ruchow\u0105, w tym z afazj\u0105, z autyzmem, w tym z zespo\u0142em Aspergera, z niepe\u0142nosprawno\u015bci\u0105 intelektualn\u0105 w stopniu lekkim, umiarkowanym lub znacznym oraz uczniowie z niepe\u0142nosprawno\u015bciami sprz\u0119\u017conymi (w przypadku gdy s\u0105 to niepe\u0142nosprawno\u015bci spo\u015br\u00f3d wy\u017cej wymienionych niepe\u0142nosprawno\u015bci), posiadaj\u0105cy aktualne orzeczenie o potrzebie kszta\u0142cenia specjalnego, zostali &nbsp;obj\u0119ci rz\u0105dowym programem [&hellip;]<\/p>\n","protected":false},"author":1,"featured_media":17470,"comment_status":"closed","ping_status":"closed","sticky":false,"template":"","format":"standard","meta":{"ngg_post_thumbnail":0,"footnotes":""},"categories":[4,15],"tags":[],"class_list":["post-17469","post","type-post","status-publish","format-standard","has-post-thumbnail","hentry","category-aktualnosci","category-ogloszenia"],"_links":{"self":[{"href":"https:\/\/lodzierz.pl\/index.php?rest_route=\/wp\/v2\/posts\/17469","targetHints":{"allow":["GET"]}}],"collection":[{"href":"https:\/\/lodzierz.pl\/index.php?rest_route=\/wp\/v2\/posts"}],"about":[{"href":"https:\/\/lodzierz.pl\/index.php?rest_route=\/wp\/v2\/types\/post"}],"author":[{"embeddable":true,"href":"https:\/\/lodzierz.pl\/index.php?rest_route=\/wp\/v2\/users\/1"}],"replies":[{"embeddable":true,"href":"https:\/\/lodzierz.pl\/index.php?rest_route=%2Fwp%2Fv2%2Fcomments&post=17469"}],"version-history":[{"count":9,"href":"https:\/\/lodzierz.pl\/index.php?rest_route=\/wp\/v2\/posts\/17469\/revisions"}],"predecessor-version":[{"id":25264,"href":"https:\/\/lodzierz.pl\/index.php?rest_route=\/wp\/v2\/posts\/17469\/revisions\/25264"}],"wp:featuredmedia":[{"embeddable":true,"href":"https:\/\/lodzierz.pl\/index.php?rest_route=\/wp\/v2\/media\/17470"}],"wp:attachment":[{"href":"https:\/\/lodzierz.pl\/index.php?rest_route=%2Fwp%2Fv2%2Fmedia&parent=17469"}],"wp:term":[{"taxonomy":"category","embeddable":true,"href":"https:\/\/lodzierz.pl\/index.php?rest_route=%2Fwp%2Fv2%2Fcategories&post=17469"},{"taxonomy":"post_tag","embeddable":true,"href":"https:\/\/lodzierz.pl\/index.php?rest_route=%2Fwp%2Fv2%2Ftags&post=17469"}],"curies":[{"name":"wp","href":"https:\/\/api.w.org\/{rel}","templated":true}]}}