{"id":16294,"date":"2020-12-12T08:03:00","date_gmt":"2020-12-12T08:03:00","guid":{"rendered":"http:\/\/lodzierz.pl\/?p=16294"},"modified":"2021-01-18T08:04:07","modified_gmt":"2021-01-18T08:04:07","slug":"konsultacje-dla-rodzicow-i-uczniow-2","status":"publish","type":"post","link":"https:\/\/lodzierz.pl\/?p=16294","title":{"rendered":"Konsultacje dla rodzic\u00f3w i uczni\u00f3w"},"content":{"rendered":"\n<p>Zgodnie z&nbsp;<em>rozporz\u0105dzeniem Ministra Edukacji Narodowej z dnia 20 marca 2020 r. w sprawie szczeg\u00f3lnych rozwi\u0105za\u0144 w okresie czasowego ograniczenia funkcjonowania jednostek systemu o\u015bwiaty w zwi\u0105zku z zapobieganiem, przeciwdzia\u0142aniem i zwalczaniem COVID-19&nbsp;<\/em><\/p>\n\n\n\n<p>\u00a7 1. pkt 9 zapewnia ka\u017cdemu uczniowi lub rodzicom mo\u017cliwo\u015b\u0107 konsultacji z nauczycielem prowadz\u0105cym zaj\u0119cia oraz przekazuje im informacj\u0119 o formie i terminach tych konsultacji;<\/p>\n\n\n\n<p>Poni\u017cej w tabeli informacja o mo\u017cliwo\u015bciach konsultacji rodzic\u00f3w i uczni\u00f3w z nauczycielami.&nbsp; Poni\u017csze terminy i formy dotycz\u0105&nbsp;<strong>wy\u0142\u0105cznie<\/strong>&nbsp; konsultacji (czyli np. zapyta\u0144 do nauczycieli dotycz\u0105cych spraw organizacyjnych, wychowawczych itp)<\/p>\n\n\n\n<p>Terminy zaj\u0119\u0107 zgodnie z planem lekcji<\/p>\n\n\n\n<figure class=\"wp-block-table\"><table><tbody><tr><td>Nazwisko i imi\u0119 nauczyciela<\/td><td>Forma kontaktu w ramach konsultacji<\/td><td>Dodatkowa forma kontaktu w ramach konsultacji<\/td><td>termin konsultacji- kiedy rodzic\/ucze\u0144 otrzyma odpowied\u017a n zadane pytanie&nbsp;<\/td><\/tr><tr><td>Aleksandra Rutecka<\/td><td>Przesy\u0142anie wiadomo\u015bci za pomoc\u0105 e-dziennika Librus<\/td><td>komunikator internetowy<\/td><td>W ci\u0105gu 12 godzin<\/td><\/tr><tr><td>Aleksandra Stankiewicz<\/td><td>Przesy\u0142anie wiadomo\u015bci za pomoc\u0105 e-dziennika Librus<\/td><td>email, telefon<\/td><td>8-15 ka\u017cdego dnia<\/td><\/tr><tr><td>Alicja Stoltmann<\/td><td>Przesy\u0142anie wiadomo\u015bci za pomoc\u0105 e-dziennika Librus<\/td><td><\/td><td>Codziennie od godz. 9 do 14<\/td><\/tr><tr><td>Anna Dominik<\/td><td>Przesy\u0142anie wiadomo\u015bci za pomoc\u0105 e-dziennika Librus<\/td><td>komunikator Messenger (zamkni\u0119tagrupa odbiorc\u00f3w\/klasa)e-maile<\/td><td>do godziny 15 odpowied\u017a nast\u0105piw przeci\u0105gu godziny&nbsp;po godzinie 15 odpowied\u017a nast\u0105piw p\u00f3\u017anych godzinach wieczornychlub w godzinach porannych w dniu nast\u0119pnym<\/td><\/tr><tr><td>Joanna Ginter<\/td><td>Przesy\u0142anie wiadomo\u015bci za pomoc\u0105 e-dziennika Librus<\/td><td>kontakt telefoniczny z rodzicami na dotychczasowych zasadach<\/td><td>Wraz z przes\u0142anymi zadaniami uczniowie otrzymaj\u0105 termin realizacji tych zada\u0144 ,mo\u017cliwo\u015b\u0107 konsultacji&nbsp; codziennie od 9.00&nbsp; do 13.00<\/td><\/tr><tr><td>Beata Grzybowska<\/td><td>Przesy\u0142anie wiadomo\u015bci za pomoc\u0105 e-dziennika Librus<\/td><td>kontakt telefoniczny z rodzicami na dotychczasowych zasadach<\/td><td>&nbsp;codziennie (poniedzia\u0142ek-pi\u0105tek) w godz. 9.00-15.00,&nbsp;<\/td><\/tr><tr><td>Dariusz Matuszkiewicz<\/td><td>Przesy\u0142anie wiadomo\u015bci za pomoc\u0105 e-dziennika Librus<\/td><td>e-mail, dmatuszkiewicz5@gmail.com<\/td><td>Wyznaczane dat\u0105 dla uczni\u00f3w, dla rodzic\u00f3w pn.-pt. 8-14.<\/td><\/tr><tr><td>Grzegorz Jo\u0144czyk<\/td><td>Przesy\u0142anie wiadomo\u015bci za pomoc\u0105 e-dziennika Librus<\/td><td>telefon (WhatsApp), Classroom<\/td><td>Do godziny 12.00 ka\u017cdego dnia pracy.<\/td><\/tr><tr><td>Jan .Har\u0119\u017ca<\/td><td>Przesy\u0142anie wiadomo\u015bci za pomoc\u0105 e-dziennika Librus<\/td><td><\/td><td>odpowiedzi w godzinach od 8 do 13 wtorek-pi\u0105tek<\/td><\/tr><tr><td>Joanna Treder<\/td><td>Przesy\u0142anie wiadomo\u015bci za pomoc\u0105 e-dziennika Librus,Classroom<\/td><td>komunikatory internetowe(Facebook,Messenger)classroom<\/td><td>Odpowiedzi b\u0119d\u0105 do godz.18.00 ka\u017cdego dnia<\/td><\/tr><tr><td>Jacek Goco\u0142<\/td><td>Przesy\u0142anie wiadomo\u015bci za pomoc\u0105 e-dziennika Librus<\/td><td>tel do szko\u0142y od 8.00 do godz. 10.00, 598572409<\/td><td>Od poniedzia\u0142ku do pi\u0105tku do godz. 15.00<\/td><\/tr><tr><td>Katarzyna Czeka\u0142a<\/td><td>Przesy\u0142anie wiadomo\u015bci za pomoc\u0105 e-dziennika Librus<\/td><td>kontakt telefoniczny<\/td><td>Czas udzielania odpowiedzi na zadane pytania do godziny 18.00 ka\u017cdego dnia na Librusie lub prosz\u0119 kontaktowa\u0107 si\u0119 telefonicznie na dotychczasowych zasadach<\/td><\/tr><tr><td>Maciej Batruch<\/td><td>Przesy\u0142anie wiadomo\u015bci za pomoc\u0105 e-dziennika Librus<\/td><td><\/td><td>Max. 24 godziny<\/td><\/tr><tr><td>Ma\u0142gorzata&nbsp; Dom\u017calska-Pilimon<\/td><td>Przesy\u0142anie wiadomo\u015bci za pomoc\u0105 e-dziennika Librus<\/td><td>komunikatory internetowe<\/td><td>Od poniedzia\u0142ku do pi\u0105tku do godz. 15.00<\/td><\/tr><tr><td>Magdalena Radziszewska<\/td><td>Przesy\u0142anie wiadomo\u015bci za pomoc\u0105 e-dziennika Librus<\/td><td>telefon, komunikatory, Classroom<\/td><td>9.00-18.00ka\u017cdego dnia<\/td><\/tr><tr><td>Magdalena Roszczak<\/td><td>Przesy\u0142anie wiadomo\u015bci za pomoc\u0105 e-dziennika Librus<\/td><td>WhatsApp, telefon<\/td><td>Odpowiedzi b\u0119d\u0105 do godz.18.00 ka\u017cdego dnia<\/td><\/tr><tr><td>Monika Urban<\/td><td>Przesy\u0142anie wiadomo\u015bci za pomoc\u0105 e-dziennika Librus<\/td><td>, mail: tor.miastko@spoko.pl<\/td><td>Czwartki od 8.00 do 11.30<\/td><\/tr><tr><td>Magdalena Wojtowicz<\/td><td>Przesy\u0142anie wiadomo\u015bci za pomoc\u0105 e-dziennika Librus<\/td><td>Messanger, Google classroom<\/td><td>odpowiedz w godzinach od 8.00 do 16.00<\/td><\/tr><tr><td>Marzena W\u00f3jtowicz<\/td><td>Przesy\u0142anie wiadomo\u015bci za pomoc\u0105 e-dziennika Librus<\/td><td>WhatsApp, telefonClassroom&nbsp;&nbsp;<\/td><td>8.00- 15.00<\/td><\/tr><tr><td>S\u0142awomir Petryna<\/td><td>Przesy\u0142anie wiadomo\u015bci za pomoc\u0105 e-dziennika Librus<\/td><td>&nbsp;classroom<\/td><td>Pi\u0105tek 11.00 \u2013 14.00<\/td><\/tr><tr><td>Stefan Stankiewicz<\/td><td>Przesy\u0142anie wiadomo\u015bci za pomoc\u0105 e-dziennika Librus<\/td><td>email (<a href=\"mailto:st.st7@wp.pl\">st.st7@wp.pl<\/a>),classroom<\/td><td>9.00 do 13.00<\/td><\/tr><tr><td>Agnieszka Zwiewka<\/td><td>Przesy\u0142anie wiadomo\u015bci za pomoc\u0105 e-dziennika Librus<\/td><td>\u2013<\/td><td>8:00-18:00<\/td><\/tr><tr><td>Agnieszka Warsi\u0144ska<\/td><td>Przesy\u0142anie wiadomo\u015bci za pomoc\u0105 e-dziennika Librus<\/td><td><\/td><td>Od poniedzia\u0142ku do pi\u0105tku8 \u2013 14<\/td><\/tr><tr><td>El\u017cbieta Lewandowska<\/td><td>Przesy\u0142anie wiadomo\u015bci za pomoc\u0105 e-dziennika Librus<\/td><td>kontakt tel. na dotychczasowych zasadach<\/td><td>Od godz. 8-15.od wtorku do pi\u0105tku.<\/td><\/tr><\/tbody><\/table><\/figure>\n","protected":false},"excerpt":{"rendered":"<p>Zgodnie z&nbsp;rozporz\u0105dzeniem Ministra Edukacji Narodowej z dnia 20 marca 2020 r. w sprawie szczeg\u00f3lnych rozwi\u0105za\u0144 w okresie czasowego ograniczenia funkcjonowania jednostek systemu o\u015bwiaty w zwi\u0105zku z zapobieganiem, przeciwdzia\u0142aniem i zwalczaniem COVID-19&nbsp; \u00a7 1. pkt 9 zapewnia ka\u017cdemu uczniowi lub rodzicom mo\u017cliwo\u015b\u0107 konsultacji z nauczycielem prowadz\u0105cym zaj\u0119cia oraz przekazuje im informacj\u0119 o formie i terminach tych [&hellip;]<\/p>\n","protected":false},"author":1,"featured_media":840,"comment_status":"closed","ping_status":"closed","sticky":false,"template":"","format":"standard","meta":{"ngg_post_thumbnail":0,"footnotes":""},"categories":[4,15],"tags":[],"class_list":["post-16294","post","type-post","status-publish","format-standard","has-post-thumbnail","hentry","category-aktualnosci","category-ogloszenia"],"_links":{"self":[{"href":"https:\/\/lodzierz.pl\/index.php?rest_route=\/wp\/v2\/posts\/16294","targetHints":{"allow":["GET"]}}],"collection":[{"href":"https:\/\/lodzierz.pl\/index.php?rest_route=\/wp\/v2\/posts"}],"about":[{"href":"https:\/\/lodzierz.pl\/index.php?rest_route=\/wp\/v2\/types\/post"}],"author":[{"embeddable":true,"href":"https:\/\/lodzierz.pl\/index.php?rest_route=\/wp\/v2\/users\/1"}],"replies":[{"embeddable":true,"href":"https:\/\/lodzierz.pl\/index.php?rest_route=%2Fwp%2Fv2%2Fcomments&post=16294"}],"version-history":[{"count":1,"href":"https:\/\/lodzierz.pl\/index.php?rest_route=\/wp\/v2\/posts\/16294\/revisions"}],"predecessor-version":[{"id":16295,"href":"https:\/\/lodzierz.pl\/index.php?rest_route=\/wp\/v2\/posts\/16294\/revisions\/16295"}],"wp:featuredmedia":[{"embeddable":true,"href":"https:\/\/lodzierz.pl\/index.php?rest_route=\/wp\/v2\/media\/840"}],"wp:attachment":[{"href":"https:\/\/lodzierz.pl\/index.php?rest_route=%2Fwp%2Fv2%2Fmedia&parent=16294"}],"wp:term":[{"taxonomy":"category","embeddable":true,"href":"https:\/\/lodzierz.pl\/index.php?rest_route=%2Fwp%2Fv2%2Fcategories&post=16294"},{"taxonomy":"post_tag","embeddable":true,"href":"https:\/\/lodzierz.pl\/index.php?rest_route=%2Fwp%2Fv2%2Ftags&post=16294"}],"curies":[{"name":"wp","href":"https:\/\/api.w.org\/{rel}","templated":true}]}}