{"id":14127,"date":"2019-06-19T09:33:04","date_gmt":"2019-06-19T09:33:04","guid":{"rendered":"http:\/\/serwer1311746.home.pl\/autoinstalator\/wordpress\/?p=14127"},"modified":"2019-06-20T08:37:40","modified_gmt":"2019-06-20T08:37:40","slug":"zadzwonil-ostatni-dzwonek-2","status":"publish","type":"post","link":"https:\/\/lodzierz.pl\/?p=14127","title":{"rendered":"Zabrzmia\u0142 ostatni dzwonek"},"content":{"rendered":"<p style=\"text-align: justify;\"><a href=\"http:\/\/serwer1311746.home.pl\/autoinstalator\/wordpress\/wp-content\/uploads\/2019\/06\/054.jpg\"><img loading=\"lazy\" decoding=\"async\" class=\"alignleft size-medium wp-image-14128\" src=\"http:\/\/serwer1311746.home.pl\/autoinstalator\/wordpress\/wp-content\/uploads\/2019\/06\/054-300x169.jpg\" alt=\"\" width=\"300\" height=\"169\" srcset=\"https:\/\/lodzierz.pl\/wp-content\/uploads\/2019\/06\/054-300x169.jpg 300w, https:\/\/lodzierz.pl\/wp-content\/uploads\/2019\/06\/054-768x433.jpg 768w, https:\/\/lodzierz.pl\/wp-content\/uploads\/2019\/06\/054-1024x577.jpg 1024w\" sizes=\"auto, (max-width: 300px) 100vw, 300px\" \/><\/a>Zadzwoni\u0142 ostatni dzwonek w roku szkolnym 2018\/2019 . Uroczysto\u015b\u0107 rozpocz\u0119\u0142a si\u0119 wprowadzeniem sztandaru szko\u0142y i od\u015bpiewaniem hymnu pa\u0144stwowego. Nast\u0119pnie dyrektor szko\u0142y Mariusz Treder w swoim przem\u00f3wieniu podsumowa\u0142 mijaj\u0105cy rok szkolny w naszej szkole. Podzi\u0119kowa\u0142 gronu pedagogicznemu za wk\u0142ad wniesiony w wychowanie i edukacje m\u0142odzie\u017cy a pracownikom administracji i obs\u0142ugi podzi\u0119kowa\u0142 za wytrwa\u0142\u0105 i trudn\u0105 prac\u0119. Wr\u0119czono r\u00f3wnie\u017c\u00a0 nagrody \u00a0dla wyr\u00f3\u017cniaj\u0105cych si\u0119 uczni\u00f3w. Zako\u0144czenie roku szkolnego po\u0142\u0105czone by\u0142o z uroczysto\u015bci\u0105 po\u017cegnania uczni\u00f3w zasadniczej szko\u0142y zawodowej.\u00a0\u00a0W uroczysto\u015bci uczestniczy\u0142 Roman Ramion wicestarosta bytowski<\/p>\n<p style=\"text-align: justify;\">Po apelu uczniowie udali si\u0119 na spotkania z wychowawcami klas gdzie otrzymali \u015bwiadectwa promocyjne. do nast\u0119pnej klasy.<\/p>\n<p style=\"text-align: justify;\">\u017byczymy udanych wakacji i bezpiecznego powrotu do naszej szko\u0142y<\/p>\n<p><em>ngg_shortcode_0_placeholder<\/em><\/p>\n","protected":false},"excerpt":{"rendered":"<p>Zadzwoni\u0142 ostatni dzwonek w roku szkolnym 2018\/2019 . Uroczysto\u015b\u0107 rozpocz\u0119\u0142a si\u0119 wprowadzeniem sztandaru szko\u0142y i od\u015bpiewaniem hymnu pa\u0144stwowego. Nast\u0119pnie dyrektor szko\u0142y Mariusz Treder w swoim przem\u00f3wieniu podsumowa\u0142 mijaj\u0105cy rok szkolny w naszej szkole. Podzi\u0119kowa\u0142 gronu pedagogicznemu za wk\u0142ad wniesiony w wychowanie i edukacje m\u0142odzie\u017cy a pracownikom administracji i obs\u0142ugi podzi\u0119kowa\u0142 za wytrwa\u0142\u0105 i trudn\u0105 prac\u0119. [&hellip;]<\/p>\n","protected":false},"author":1,"featured_media":14128,"comment_status":"closed","ping_status":"closed","sticky":false,"template":"","format":"standard","meta":{"ngg_post_thumbnail":0,"footnotes":""},"categories":[4],"tags":[],"class_list":["post-14127","post","type-post","status-publish","format-standard","has-post-thumbnail","hentry","category-aktualnosci"],"_links":{"self":[{"href":"https:\/\/lodzierz.pl\/index.php?rest_route=\/wp\/v2\/posts\/14127","targetHints":{"allow":["GET"]}}],"collection":[{"href":"https:\/\/lodzierz.pl\/index.php?rest_route=\/wp\/v2\/posts"}],"about":[{"href":"https:\/\/lodzierz.pl\/index.php?rest_route=\/wp\/v2\/types\/post"}],"author":[{"embeddable":true,"href":"https:\/\/lodzierz.pl\/index.php?rest_route=\/wp\/v2\/users\/1"}],"replies":[{"embeddable":true,"href":"https:\/\/lodzierz.pl\/index.php?rest_route=%2Fwp%2Fv2%2Fcomments&post=14127"}],"version-history":[{"count":3,"href":"https:\/\/lodzierz.pl\/index.php?rest_route=\/wp\/v2\/posts\/14127\/revisions"}],"predecessor-version":[{"id":14131,"href":"https:\/\/lodzierz.pl\/index.php?rest_route=\/wp\/v2\/posts\/14127\/revisions\/14131"}],"wp:featuredmedia":[{"embeddable":true,"href":"https:\/\/lodzierz.pl\/index.php?rest_route=\/wp\/v2\/media\/14128"}],"wp:attachment":[{"href":"https:\/\/lodzierz.pl\/index.php?rest_route=%2Fwp%2Fv2%2Fmedia&parent=14127"}],"wp:term":[{"taxonomy":"category","embeddable":true,"href":"https:\/\/lodzierz.pl\/index.php?rest_route=%2Fwp%2Fv2%2Fcategories&post=14127"},{"taxonomy":"post_tag","embeddable":true,"href":"https:\/\/lodzierz.pl\/index.php?rest_route=%2Fwp%2Fv2%2Ftags&post=14127"}],"curies":[{"name":"wp","href":"https:\/\/api.w.org\/{rel}","templated":true}]}}